{"id":2012666,"date":"2023-02-08T16:01:19","date_gmt":"2023-02-08T16:01:19","guid":{"rendered":"https:\/\/nimblecamper.com\/mercedes-citan-abmessungen-versionen-l2-l3-kastenwagen-hochdachkombi\/"},"modified":"2023-02-08T16:01:26","modified_gmt":"2023-02-08T16:01:26","slug":"mercedes-citan-abmessungen-versionen-l2-l3-kastenwagen-hochdachkombi","status":"publish","type":"post","link":"https:\/\/nimblecamper.com\/de\/mercedes-citan-abmessungen-versionen-l2-l3-kastenwagen-hochdachkombi\/","title":{"rendered":"Mercedes Citan Abmessungen &amp; Versionen (L2, L3 &#8211; Kastenwagen, Hochdachkombi)"},"content":{"rendered":"\n<p>Informieren Sie sich \u00fcber die Au\u00dfen- und Innenma\u00dfe der verschiedenen Versionen des Mercedes Citan.<\/p>\n\n<!--more-->\n\n<p>Der Mercedes Citan <a href=\"https:\/\/en.wikipedia.org\/wiki\/Mercedes-Benz_Citan#Bodystyles\" target=\"_blank\" data-type=\"URL\" data-id=\"https:\/\/en.wikipedia.org\/wiki\/Mercedes-Benz_Citan#Bodystyles\" rel=\"noreferrer noopener\">basiert auf der Karosserie des Renault Kangoo<\/a>, bietet aber eine bessere Ausstattung, mehr Komfort und einen kultivierten Motor.<\/p>\n\n<div id=\"ez-toc-container\" class=\"ez-toc-v2_0_82_2 ez-toc-wrap-center counter-hierarchy ez-toc-counter ez-toc-grey ez-toc-container-direction\">\n<p class=\"ez-toc-title\" style=\"cursor:inherit\">In this article:<\/p>\n<label for=\"ez-toc-cssicon-toggle-item-69edc986ac8f9\" class=\"ez-toc-cssicon-toggle-label\"><span class=\"ez-toc-cssicon\"><span class=\"eztoc-hide\" style=\"display:none;\">Toggle<\/span><span class=\"ez-toc-icon-toggle-span\"><svg style=\"fill: #999;color:#999\" xmlns=\"http:\/\/www.w3.org\/2000\/svg\" class=\"list-377408\" width=\"20px\" height=\"20px\" viewBox=\"0 0 24 24\" fill=\"none\"><path d=\"M6 6H4v2h2V6zm14 0H8v2h12V6zM4 11h2v2H4v-2zm16 0H8v2h12v-2zM4 16h2v2H4v-2zm16 0H8v2h12v-2z\" fill=\"currentColor\"><\/path><\/svg><svg style=\"fill: #999;color:#999\" class=\"arrow-unsorted-368013\" xmlns=\"http:\/\/www.w3.org\/2000\/svg\" width=\"10px\" height=\"10px\" viewBox=\"0 0 24 24\" version=\"1.2\" baseProfile=\"tiny\"><path d=\"M18.2 9.3l-6.2-6.3-6.2 6.3c-.2.2-.3.4-.3.7s.1.5.3.7c.2.2.4.3.7.3h11c.3 0 .5-.1.7-.3.2-.2.3-.5.3-.7s-.1-.5-.3-.7zM5.8 14.7l6.2 6.3 6.2-6.3c.2-.2.3-.5.3-.7s-.1-.5-.3-.7c-.2-.2-.4-.3-.7-.3h-11c-.3 0-.5.1-.7.3-.2.2-.3.5-.3.7s.1.5.3.7z\"\/><\/svg><\/span><\/span><\/label><input type=\"checkbox\"  id=\"ez-toc-cssicon-toggle-item-69edc986ac8f9\"  aria-label=\"Toggle\" \/><nav><ul class='ez-toc-list ez-toc-list-level-1 ' ><ul class='ez-toc-list-level-3' ><li class='ez-toc-heading-level-3'><a class=\"ez-toc-link ez-toc-heading-1\" href=\"https:\/\/nimblecamper.com\/de\/mercedes-citan-abmessungen-versionen-l2-l3-kastenwagen-hochdachkombi\/#Es_gibt_sie_in_verschiedenen_Ausfuehrungen_und_Groessen\" >Es gibt sie in verschiedenen Ausf\u00fchrungen und Gr\u00f6\u00dfen:<\/a><\/li><\/ul><\/li><li class='ez-toc-page-1 ez-toc-heading-level-2'><a class=\"ez-toc-link ez-toc-heading-2\" href=\"https:\/\/nimblecamper.com\/de\/mercedes-citan-abmessungen-versionen-l2-l3-kastenwagen-hochdachkombi\/#Mercedes_Citan_Abmessungen_Diagramm\" >Mercedes Citan Abmessungen Diagramm:<\/a><\/li><li class='ez-toc-page-1 ez-toc-heading-level-2'><a class=\"ez-toc-link ez-toc-heading-3\" href=\"https:\/\/nimblecamper.com\/de\/mercedes-citan-abmessungen-versionen-l2-l3-kastenwagen-hochdachkombi\/#Mercedes_Citan_Kastenwagen_2_Sitze_Mercedes_Citan_Tourer_5_Sitze_offizieller_Prospekt\" >Mercedes Citan Kastenwagen (2 Sitze) &amp; Mercedes Citan Tourer (5 Sitze) offizieller Prospekt<\/a><\/li><\/ul><\/nav><\/div>\n<h3 class=\"wp-block-heading\"><span class=\"ez-toc-section\" id=\"Es_gibt_sie_in_verschiedenen_Ausfuehrungen_und_Groessen\"><\/span>Es gibt sie in verschiedenen Ausf\u00fchrungen und Gr\u00f6\u00dfen:<span class=\"ez-toc-section-end\"><\/span><\/h3>\n\n<ul class=\"wp-block-list\"><li>Reichweite 2020<ul><li>Kastenwagen (2 Sitze)<ul><li>L2 &#8211; 4.321mm Gesamtl\u00e4nge<\/li><li>L3 &#8211; 4.705mm Gesamtl\u00e4nge<\/li><\/ul><\/li><li>Tourer (5 Sitze)<ul><li>L2 &#8211; 4.321mm Gesamtl\u00e4nge<\/li><\/ul><\/li><\/ul><\/li><\/ul>\n\n<p>Laut Wikipedia gibt es auch eine kompakte Version (Gesamtl\u00e4nge 3.937mm), die f\u00fcr das Auto-Camping sehr ungeeignet w\u00e4re &#8211; zu kurz!<\/p>\n\n<ul class=\"wp-block-list\"><li>Radstand 2.697 mm (106,2 Zoll)<\/li><li>L\u00e4nge<ul><li>3.937 mm (kompakt)<\/li><li>4.321 mm (170,1 Zoll) (lang)<\/li><li>4.705 mm (185,2 Zoll) (Extra lang\/Dualliner)<\/li><\/ul><\/li><li>Breite 1.829 mm (72,0 Zoll)<\/li><li>H\u00f6he 1.809 mm (71,2 Zoll)<\/li><\/ul>\n\n<h2 class=\"wp-block-heading\"><span class=\"ez-toc-section\" id=\"Mercedes_Citan_Abmessungen_Diagramm\"><\/span>Mercedes Citan Abmessungen Diagramm:<span class=\"ez-toc-section-end\"><\/span><\/h2>\n<style>.wp-block-kadence-advancedgallery .kb-gallery-type-grid.kb-gallery-id-_e7a9cc-a4{margin:-5px;}.kb-gallery-type-grid.kb-gallery-id-_e7a9cc-a4 .kadence-blocks-gallery-item{padding:5px;}.kb-gallery-id-_e7a9cc-a4 .kadence-blocks-gallery-item .kb-gal-image-radius, .kb-gallery-id-_e7a9cc-a4 .kb-slide-item .kb-gal-image-radius img{border-radius:0px 0px 0px 0px;;}.kb-gallery-caption-style-bottom.kb-gallery-id-_e7a9cc-a4 .kadence-blocks-gallery-item .kadence-blocks-gallery-item-inner .kadence-blocks-gallery-item__caption, .kb-gallery-caption-style-bottom-hover.kb-gallery-id-_e7a9cc-a4 .kadence-blocks-gallery-item .kadence-blocks-gallery-item-inner .kadence-blocks-gallery-item__caption{background:linear-gradient(0deg, rgba(0, 0, 0, 0.5) 0, rgba(0, 0, 0, 0) 100%);}<\/style><div class=\"kb-gallery-wrap-id-_e7a9cc-a4 alignnone wp-block-kadence-advancedgallery\"><ul class=\"kb-gallery-ul kb-gallery-non-static kb-gallery-type-grid kb-gallery-id-_e7a9cc-a4 kb-gallery-caption-style-bottom kb-gallery-filter-none kb-gallery-magnific-init\" data-image-filter=\"none\" data-item-selector=\".kadence-blocks-gallery-item\" data-lightbox-caption=\"true\" data-columns-xxl=\"3\" data-columns-xl=\"3\" data-columns-md=\"3\" data-columns-sm=\"2\" data-columns-xs=\"1\" data-columns-ss=\"1\"><li class=\"kadence-blocks-gallery-item\"><div class=\"kadence-blocks-gallery-item-inner\"><figure class=\"kb-gallery-figure kb-gallery-item-has-link kadence-blocks-gallery-item-has-caption\"><a href=\"https:\/\/nimblecamper.com\/wp-content\/uploads\/2021\/09\/mercedes-citan-versions-2020.webp\" data-description=\"Citan-Versionen &amp; Au\u00dfenma\u00dfe\" class=\"kb-gallery-item-link\"   role=\"button\" aria-haspopup=\"dialog\"><div class=\"kb-gal-image-radius\"><div class=\"kb-gallery-image-contain kadence-blocks-gallery-intrinsic kb-gallery-image-ratio-land32 kb-has-image-ratio-land32\" ><img loading=\"lazy\" decoding=\"async\" src=\"https:\/\/nimblecamper.com\/wp-content\/uploads\/2021\/09\/mercedes-citan-versions-2020.webp\" width=\"967\" height=\"555\" alt=\"\" data-full-image=\"https:\/\/nimblecamper.com\/wp-content\/uploads\/2021\/09\/mercedes-citan-versions-2020.webp\" data-light-image=\"https:\/\/nimblecamper.com\/wp-content\/uploads\/2021\/09\/mercedes-citan-versions-2020.webp\" data-id=\"1004648\" class=\"wp-image-1004648\" title=\"car camping - Nimblecamper.com\" srcset=\"https:\/\/nimblecamper.com\/wp-content\/uploads\/2021\/09\/mercedes-citan-versions-2020.webp 967w, https:\/\/nimblecamper.com\/wp-content\/uploads\/2021\/09\/mercedes-citan-versions-2020-300x172.webp 300w, https:\/\/nimblecamper.com\/wp-content\/uploads\/2021\/09\/mercedes-citan-versions-2020-768x441.webp 768w\" sizes=\"auto, (max-width: 967px) 100vw, 967px\" \/><\/div><div class=\"kadence-blocks-gallery-item__caption\">Citan-Versionen &amp; Au\u00dfenma\u00dfe<\/div><\/div><\/a><\/figure><\/div><\/li><li class=\"kadence-blocks-gallery-item\"><div class=\"kadence-blocks-gallery-item-inner\"><figure class=\"kb-gallery-figure kb-gallery-item-has-link kadence-blocks-gallery-item-has-caption\"><a href=\"https:\/\/nimblecamper.com\/wp-content\/uploads\/2021\/09\/mercedes-citan-panel-van-2020-L3-dimensions.webp\" data-description=\"Citan L3\" class=\"kb-gallery-item-link\"   role=\"button\" aria-haspopup=\"dialog\"><div class=\"kb-gal-image-radius\"><div class=\"kb-gallery-image-contain kadence-blocks-gallery-intrinsic kb-gallery-image-ratio-land32 kb-has-image-ratio-land32\" ><img loading=\"lazy\" decoding=\"async\" src=\"https:\/\/nimblecamper.com\/wp-content\/uploads\/2021\/09\/mercedes-citan-panel-van-2020-L3-dimensions.webp\" width=\"970\" height=\"478\" alt=\"\" data-full-image=\"https:\/\/nimblecamper.com\/wp-content\/uploads\/2021\/09\/mercedes-citan-panel-van-2020-L3-dimensions.webp\" data-light-image=\"https:\/\/nimblecamper.com\/wp-content\/uploads\/2021\/09\/mercedes-citan-panel-van-2020-L3-dimensions.webp\" data-id=\"1004649\" class=\"wp-image-1004649\" title=\"car camping - Nimblecamper.com\" srcset=\"https:\/\/nimblecamper.com\/wp-content\/uploads\/2021\/09\/mercedes-citan-panel-van-2020-L3-dimensions.webp 970w, https:\/\/nimblecamper.com\/wp-content\/uploads\/2021\/09\/mercedes-citan-panel-van-2020-L3-dimensions-300x148.webp 300w, https:\/\/nimblecamper.com\/wp-content\/uploads\/2021\/09\/mercedes-citan-panel-van-2020-L3-dimensions-768x378.webp 768w\" sizes=\"auto, (max-width: 970px) 100vw, 970px\" \/><\/div><div class=\"kadence-blocks-gallery-item__caption\">Citan L3<\/div><\/div><\/a><\/figure><\/div><\/li><li class=\"kadence-blocks-gallery-item\"><div class=\"kadence-blocks-gallery-item-inner\"><figure class=\"kb-gallery-figure kb-gallery-item-has-link kadence-blocks-gallery-item-has-caption\"><a href=\"https:\/\/nimblecamper.com\/wp-content\/uploads\/2021\/09\/mercedes-citan-panel-van-2020-L2-dimensions.webp\" data-description=\"Citan L2\" class=\"kb-gallery-item-link\"   role=\"button\" aria-haspopup=\"dialog\"><div class=\"kb-gal-image-radius\"><div class=\"kb-gallery-image-contain kadence-blocks-gallery-intrinsic kb-gallery-image-ratio-land32 kb-has-image-ratio-land32\" ><img loading=\"lazy\" decoding=\"async\" src=\"https:\/\/nimblecamper.com\/wp-content\/uploads\/2021\/09\/mercedes-citan-panel-van-2020-L2-dimensions.webp\" width=\"932\" height=\"479\" alt=\"\" data-full-image=\"https:\/\/nimblecamper.com\/wp-content\/uploads\/2021\/09\/mercedes-citan-panel-van-2020-L2-dimensions.webp\" data-light-image=\"https:\/\/nimblecamper.com\/wp-content\/uploads\/2021\/09\/mercedes-citan-panel-van-2020-L2-dimensions.webp\" data-id=\"1004650\" class=\"wp-image-1004650\" title=\"car camping - Nimblecamper.com\" srcset=\"https:\/\/nimblecamper.com\/wp-content\/uploads\/2021\/09\/mercedes-citan-panel-van-2020-L2-dimensions.webp 932w, https:\/\/nimblecamper.com\/wp-content\/uploads\/2021\/09\/mercedes-citan-panel-van-2020-L2-dimensions-300x154.webp 300w, https:\/\/nimblecamper.com\/wp-content\/uploads\/2021\/09\/mercedes-citan-panel-van-2020-L2-dimensions-768x395.webp 768w\" sizes=\"auto, (max-width: 932px) 100vw, 932px\" \/><\/div><div class=\"kadence-blocks-gallery-item__caption\">Citan L2<\/div><\/div><\/a><\/figure><\/div><\/li><\/ul><\/div>\n<h2 class=\"wp-block-heading\"><span class=\"ez-toc-section\" id=\"Mercedes_Citan_Kastenwagen_2_Sitze_Mercedes_Citan_Tourer_5_Sitze_offizieller_Prospekt\"><\/span>Mercedes Citan Kastenwagen (2 Sitze) &amp; Mercedes Citan Tourer (5 Sitze) offizieller Prospekt<span class=\"ez-toc-section-end\"><\/span><\/h2>\n\n<p>Mit Au\u00dfen- und Innenma\u00dfen, Ausstattungsoptionen, Versionsvergleich, Verbrauch und vielem mehr.<\/p>\n<style>.wp-block-kadence-advancedbtn.kb-btns_f9995d-73{gap:var(--global-kb-gap-xs, 0.5rem );justify-content:center;align-items:center;}.kt-btns_f9995d-73 .kt-button{font-weight:normal;font-style:normal;}.kt-btns_f9995d-73 .kt-btn-wrap-0{margin-right:5px;}.wp-block-kadence-advancedbtn.kt-btns_f9995d-73 .kt-btn-wrap-0 .kt-button{color:#555555;border-color:#555555;}.wp-block-kadence-advancedbtn.kt-btns_f9995d-73 .kt-btn-wrap-0 .kt-button:hover, .wp-block-kadence-advancedbtn.kt-btns_f9995d-73 .kt-btn-wrap-0 .kt-button:focus{color:#ffffff;border-color:#444444;}.wp-block-kadence-advancedbtn.kt-btns_f9995d-73 .kt-btn-wrap-0 .kt-button::before{display:none;}.wp-block-kadence-advancedbtn.kt-btns_f9995d-73 .kt-btn-wrap-0 .kt-button:hover, .wp-block-kadence-advancedbtn.kt-btns_f9995d-73 .kt-btn-wrap-0 .kt-button:focus{background:#444444;}<\/style>\n<div class=\"wp-block-kadence-advancedbtn kt-btn-align-center kt-btn-tablet-align-inherit kt-btn-mobile-align-inherit kt-btns-wrap kt-btns_f9995d-73\"><div class=\"kt-btn-wrap kt-btn-wrap-0\"><a class=\"kt-button button kt-btn-0-action kt-btn-size-standard kt-btn-style-basic kt-btn-svg-show-always kt-btn-has-text-true kt-btn-has-svg-false\" download=\"\" href=\"https:\/\/www.mercedes-benz.co.uk\/vans\/content\/dam\/vans\/united-kingdom\/citan-crew-van\/Citan%20Price%20List%202019.pdf\" target=\"_blank\" rel=\"noreferrer noopener\"><span class=\"kt-btn-inner-text\">Citan-Brosch\u00fcre herunterladen<\/span><\/a><\/div><\/div>\n","protected":false},"excerpt":{"rendered":"<p>Informieren Sie sich \u00fcber die Au\u00dfen- und Innenma\u00dfe der verschiedenen Versionen des Mercedes Citan.<\/p>\n","protected":false},"author":1,"featured_media":1006770,"comment_status":"open","ping_status":"closed","sticky":false,"template":"","format":"standard","meta":{"_kad_blocks_custom_css":"","_kad_blocks_head_custom_js":"","_kad_blocks_body_custom_js":"","_kad_blocks_footer_custom_js":"","_kad_post_transparent":"","_kad_post_title":"","_kad_post_layout":"","_kad_post_sidebar_id":"","_kad_post_content_style":"","_kad_post_vertical_padding":"","_kad_post_feature":"","_kad_post_feature_position":"","_kad_post_header":false,"_kad_post_footer":false,"_kad_post_classname":"","footnotes":""},"categories":[2000876,180],"tags":[2001399,2001404,2001403],"class_list":["post-2012666","post","type-post","status-publish","format-standard","has-post-thumbnail","hentry","category-abmessungen-des-fahrzeugs","category-beste-autos-zum-campen","tag-abmessungen","tag-citan-de","tag-mercedes-de"],"featured_image_src":"https:\/\/nimblecamper.com\/wp-content\/uploads\/2021\/09\/mercedes-citan-dimensions.jpg","author_info":{"display_name":"Lukas","author_link":"https:\/\/nimblecamper.com\/de\/author\/adminator\/"},"taxonomy_info":{"category":[{"value":2000876,"label":"Abmessungen des Fahrzeugs"},{"value":180,"label":"Beste Autos zum campen"}],"post_tag":[{"value":2001399,"label":"Abmessungen"},{"value":2001404,"label":"Citan"},{"value":2001403,"label":"Mercedes"}]},"featured_image_src_large":["https:\/\/nimblecamper.com\/wp-content\/uploads\/2021\/09\/mercedes-citan-dimensions.jpg",850,375,false],"comment_info":0,"category_info":[{"term_id":2000876,"name":"Abmessungen des Fahrzeugs","slug":"abmessungen-des-fahrzeugs","term_group":0,"term_taxonomy_id":2000876,"taxonomy":"category","description":"","parent":180,"count":4,"filter":"raw","cat_ID":2000876,"category_count":4,"category_description":"","cat_name":"Abmessungen des Fahrzeugs","category_nicename":"abmessungen-des-fahrzeugs","category_parent":180},{"term_id":180,"name":"Beste Autos zum campen","slug":"beste-autos-zum-campen","term_group":0,"term_taxonomy_id":180,"taxonomy":"category","description":"","parent":0,"count":32,"filter":"raw","cat_ID":180,"category_count":32,"category_description":"","cat_name":"Beste Autos zum campen","category_nicename":"beste-autos-zum-campen","category_parent":0}],"tag_info":[{"term_id":2001399,"name":"Abmessungen","slug":"abmessungen","term_group":0,"term_taxonomy_id":2001399,"taxonomy":"post_tag","description":"","parent":0,"count":2,"filter":"raw"},{"term_id":2001404,"name":"Citan","slug":"citan-de","term_group":0,"term_taxonomy_id":2001404,"taxonomy":"post_tag","description":"","parent":0,"count":1,"filter":"raw"},{"term_id":2001403,"name":"Mercedes","slug":"mercedes-de","term_group":0,"term_taxonomy_id":2001403,"taxonomy":"post_tag","description":"","parent":0,"count":1,"filter":"raw"}],"_links":{"self":[{"href":"https:\/\/nimblecamper.com\/de\/wp-json\/wp\/v2\/posts\/2012666","targetHints":{"allow":["GET"]}}],"collection":[{"href":"https:\/\/nimblecamper.com\/de\/wp-json\/wp\/v2\/posts"}],"about":[{"href":"https:\/\/nimblecamper.com\/de\/wp-json\/wp\/v2\/types\/post"}],"author":[{"embeddable":true,"href":"https:\/\/nimblecamper.com\/de\/wp-json\/wp\/v2\/users\/1"}],"replies":[{"embeddable":true,"href":"https:\/\/nimblecamper.com\/de\/wp-json\/wp\/v2\/comments?post=2012666"}],"version-history":[{"count":0,"href":"https:\/\/nimblecamper.com\/de\/wp-json\/wp\/v2\/posts\/2012666\/revisions"}],"wp:featuredmedia":[{"embeddable":true,"href":"https:\/\/nimblecamper.com\/de\/wp-json\/wp\/v2\/media\/1006770"}],"wp:attachment":[{"href":"https:\/\/nimblecamper.com\/de\/wp-json\/wp\/v2\/media?parent=2012666"}],"wp:term":[{"taxonomy":"category","embeddable":true,"href":"https:\/\/nimblecamper.com\/de\/wp-json\/wp\/v2\/categories?post=2012666"},{"taxonomy":"post_tag","embeddable":true,"href":"https:\/\/nimblecamper.com\/de\/wp-json\/wp\/v2\/tags?post=2012666"}],"curies":[{"name":"wp","href":"https:\/\/api.w.org\/{rel}","templated":true}]}}